{"id":21666,"date":"2026-09-03T12:07:23","date_gmt":"2026-09-03T10:07:23","guid":{"rendered":"https:\/\/easda.es\/?p=21666"},"modified":"2026-09-03T12:41:40","modified_gmt":"2026-09-03T10:41:40","slug":"plazas-disponibles-para-el-curso-26-27","status":"publish","type":"post","link":"https:\/\/easda.es\/?p=21666","title":{"rendered":"Plazas disponibles para el curso 26\/27"},"content":{"rendered":"<div class=\"wp-block-image\">\n<figure class=\"aligncenter size-large is-resized\"><img loading=\"lazy\" decoding=\"async\" width=\"1024\" height=\"686\" src=\"https:\/\/easda.es\/wp-content\/uploads\/2026\/07\/Mesa-de-trabajo-2@2x-1024x686.png\" alt=\"\" class=\"wp-image-21594\" style=\"width:625px;height:auto\" srcset=\"https:\/\/easda.es\/wp-content\/uploads\/2026\/07\/Mesa-de-trabajo-2@2x-1024x686.png 1024w, https:\/\/easda.es\/wp-content\/uploads\/2026\/07\/Mesa-de-trabajo-2@2x-300x201.png 300w, https:\/\/easda.es\/wp-content\/uploads\/2026\/07\/Mesa-de-trabajo-2@2x-768x515.png 768w, https:\/\/easda.es\/wp-content\/uploads\/2026\/07\/Mesa-de-trabajo-2@2x-1536x1029.png 1536w, https:\/\/easda.es\/wp-content\/uploads\/2026\/07\/Mesa-de-trabajo-2@2x.png 1715w\" sizes=\"auto, (max-width: 1024px) 100vw, 1024px\" \/><\/figure>\n<\/div>\n\n\n<div style=\"height:23px\" aria-hidden=\"true\" class=\"wp-block-spacer\"><\/div>\n\n\n\n<p class=\"has-text-align-left\"><strong>A\u00fan quedan plazas disponibles para este curso<\/strong><\/p>\n\n\n\n<p class=\"has-text-align-left\">Si est\u00e1s pensando en formarte en el \u00e1mbito creativo, septiembre puede ser tu momento.<\/p>\n\n\n\n<p class=\"has-text-align-left\">&#8211; <strong>Los Grados ya han cerrado su plazo de inscripci\u00f3n.<\/strong><\/p>\n\n\n\n<p class=\"has-text-align-left\">&#8211; <strong>Los Ciclos Formativos mantienen abierta la inscripci\u00f3n hasta el 4 de septiembre.<\/strong>\u00a0Todav\u00eda quedan plazas disponibles, pero el plazo finaliza muy pronto.<\/p>\n\n\n\n<p class=\"has-text-align-left\">&#8211; <strong>Nuestro Master permanecer\u00e1 abierto hasta el 13 de septiembre.<\/strong>\u00a0Es el momento de especializarte, ampliar conocimientos y dar un impulso a tu carrera profesional.<\/p>\n\n\n\n<p class=\"has-text-align-left\">No dejes pasar esta oportunidad. <strong>\u00a1Tu futuro creativo empieza aqu\u00ed!<\/strong><\/p>\n\n\n\n<p><\/p>\n","protected":false},"excerpt":{"rendered":"<p>A\u00fan quedan plazas disponibles para este curso Si est\u00e1s pensando en formarte en el \u00e1mbito creativo, septiembre puede ser tu momento. &#8211; Los Grados ya han cerrado su plazo de inscripci\u00f3n. &#8211; Los Ciclos Formativos mantienen abierta la inscripci\u00f3n hasta [&hellip;]<\/p>\n","protected":false},"author":8,"featured_media":21601,"comment_status":"closed","ping_status":"closed","sticky":false,"template":"","format":"standard","meta":{"footnotes":""},"categories":[485],"tags":[517],"class_list":["post-21666","post","type-post","status-publish","format-standard","has-post-thumbnail","hentry","category-noticias","tag-noticias"],"_links":{"self":[{"href":"https:\/\/easda.es\/index.php?rest_route=\/wp\/v2\/posts\/21666","targetHints":{"allow":["GET"]}}],"collection":[{"href":"https:\/\/easda.es\/index.php?rest_route=\/wp\/v2\/posts"}],"about":[{"href":"https:\/\/easda.es\/index.php?rest_route=\/wp\/v2\/types\/post"}],"author":[{"embeddable":true,"href":"https:\/\/easda.es\/index.php?rest_route=\/wp\/v2\/users\/8"}],"replies":[{"embeddable":true,"href":"https:\/\/easda.es\/index.php?rest_route=%2Fwp%2Fv2%2Fcomments&post=21666"}],"version-history":[{"count":4,"href":"https:\/\/easda.es\/index.php?rest_route=\/wp\/v2\/posts\/21666\/revisions"}],"predecessor-version":[{"id":21670,"href":"https:\/\/easda.es\/index.php?rest_route=\/wp\/v2\/posts\/21666\/revisions\/21670"}],"wp:featuredmedia":[{"embeddable":true,"href":"https:\/\/easda.es\/index.php?rest_route=\/wp\/v2\/media\/21601"}],"wp:attachment":[{"href":"https:\/\/easda.es\/index.php?rest_route=%2Fwp%2Fv2%2Fmedia&parent=21666"}],"wp:term":[{"taxonomy":"category","embeddable":true,"href":"https:\/\/easda.es\/index.php?rest_route=%2Fwp%2Fv2%2Fcategories&post=21666"},{"taxonomy":"post_tag","embeddable":true,"href":"https:\/\/easda.es\/index.php?rest_route=%2Fwp%2Fv2%2Ftags&post=21666"}],"curies":[{"name":"wp","href":"https:\/\/api.w.org\/{rel}","templated":true}]}}