{"id":21634,"date":"2026-09-02T13:17:10","date_gmt":"2026-09-02T11:17:10","guid":{"rendered":"https:\/\/easda.es\/?p=21634"},"modified":"2026-09-02T13:28:20","modified_gmt":"2026-09-02T11:28:20","slug":"comienza-el-curso-2026-27-en-la-easda","status":"publish","type":"post","link":"https:\/\/easda.es\/?p=21634","title":{"rendered":"Comienza el curso 2026\/27 en la EASDA"},"content":{"rendered":"\n<figure class=\"wp-block-image size-large\"><img loading=\"lazy\" decoding=\"async\" width=\"1024\" height=\"682\" src=\"https:\/\/easda.es\/wp-content\/uploads\/2026\/09\/ENTRADA_InicioCurso_26-27-1024x682.jpg\" alt=\"\" class=\"wp-image-21647\" srcset=\"https:\/\/easda.es\/wp-content\/uploads\/2026\/09\/ENTRADA_InicioCurso_26-27-1024x682.jpg 1024w, https:\/\/easda.es\/wp-content\/uploads\/2026\/09\/ENTRADA_InicioCurso_26-27-300x200.jpg 300w, https:\/\/easda.es\/wp-content\/uploads\/2026\/09\/ENTRADA_InicioCurso_26-27-768x511.jpg 768w, https:\/\/easda.es\/wp-content\/uploads\/2026\/09\/ENTRADA_InicioCurso_26-27.jpg 1298w\" sizes=\"auto, (max-width: 1024px) 100vw, 1024px\" \/><\/figure>\n\n\n\n<div style=\"height:12px\" aria-hidden=\"true\" class=\"wp-block-spacer\"><\/div>\n\n\n\n<p class=\"has-text-align-left\">Septiembre marca el inicio de un nuevo curso y, con \u00e9l, la vuelta a las aulas, los talleres, los proyectos y las nuevas experiencias de aprendizaje. Desde la Escuela de Arte Superior de Dise\u00f1o de Alicante queremos dar la bienvenida a todo el alumnado y compartir la informaci\u00f3n sobre las fechas de incorporaci\u00f3n al curso 2026\/27.<\/p>\n\n\n\n<div style=\"height:11px\" aria-hidden=\"true\" class=\"wp-block-spacer\"><\/div>\n\n\n\n<p class=\"has-text-align-left has-text-color has-link-color wp-elements-d584dbef8dc5aba7c486a8c2c669b52c\" style=\"color:#ec0303\"><strong>Lunes 14 de septiembre: bienvenida al alumnado de 1\u00ba curso<\/strong><\/p>\n\n\n\n<p class=\"has-text-align-left\">El pr\u00f3ximo&nbsp;<strong>14 de septiembre<\/strong>&nbsp;tendr\u00e1 lugar la jornada de acogida destinada exclusivamente al alumnado que inicia sus estudios en la EASDA, tanto en los ciclos formativos como en los grados.<\/p>\n\n\n\n<p class=\"has-text-align-left\">Durante esta jornada, los estudiantes de&nbsp;<strong>1\u00ba curso<\/strong>&nbsp;ser\u00e1n recibidos por el equipo directivo y tutores, quienes les acompa\u00f1ar\u00e1n en sus primeros pasos en la escuela.<\/p>\n\n\n\n<div style=\"height:4px\" aria-hidden=\"true\" class=\"wp-block-spacer\"><\/div>\n\n\n\n<p class=\"has-text-align-left\"><strong>Horarios de recepci\u00f3n<\/strong><\/p>\n\n\n\n<p class=\"has-text-align-left\"><strong>10:30 h | Ciclos de ma\u00f1ana<\/strong><\/p>\n\n\n\n<p class=\"has-text-align-left\">&#8211; Asistencia al Producto Gr\u00e1fico Impreso (APGI)<\/p>\n\n\n\n<p class=\"has-text-align-left\">&#8211; Ilustraci\u00f3n<\/p>\n\n\n\n<p class=\"has-text-align-left\"><strong>12:00 h | Grados<\/strong><\/p>\n\n\n\n<p class=\"has-text-align-left\">&#8211; Dise\u00f1o Gr\u00e1fico<\/p>\n\n\n\n<p class=\"has-text-align-left\">&#8211; Dise\u00f1o de Interiores<\/p>\n\n\n\n<p class=\"has-text-align-left\">&#8211; Dise\u00f1o de Producto<\/p>\n\n\n\n<p class=\"has-text-align-left\">&#8211; Dise\u00f1o de Moda<\/p>\n\n\n\n<p class=\"has-text-align-left\"><strong>17:30 h | Ciclos de tarde<\/strong><\/p>\n\n\n\n<p class=\"has-text-align-left\">&#8211; Gr\u00e1fica Publicitaria<\/p>\n\n\n\n<p class=\"has-text-align-left\">&#8211; Proyectos y Direcci\u00f3n de Obras de Decoraci\u00f3n (PDO)<\/p>\n\n\n\n<p class=\"has-text-align-left\">&#8211; Fotograf\u00eda<\/p>\n\n\n\n<p class=\"has-text-align-left\">&#8211; Cer\u00e1mica Art\u00edstica<\/p>\n\n\n\n<div style=\"height:11px\" aria-hidden=\"true\" class=\"wp-block-spacer\"><\/div>\n\n\n\n<p class=\"has-text-align-left has-text-color has-link-color wp-elements-627647108b3cf3b5f63b95e160519243\" style=\"color:#ec0303\"><strong>Martes 15 de septiembre: inicio de las clases para todo el alumnado<\/strong><\/p>\n\n\n\n<p class=\"has-text-align-left\">El&nbsp;<strong>15 de septiembre<\/strong>&nbsp;se incorporar\u00e1 la totalidad del alumnado de la EASDA. A partir de ese d\u00eda comenzar\u00e1n las clases tanto para los estudiantes de&nbsp;<strong>1\u00ba curso<\/strong>&nbsp;como para los de&nbsp;<strong>2\u00ba y cursos superiores<\/strong>, siguiendo el&nbsp;<strong>horario habitual de cada grupo<\/strong>.<\/p>\n\n\n\n<div style=\"height:11px\" aria-hidden=\"true\" class=\"wp-block-spacer\"><\/div>\n\n\n\n<p class=\"has-text-align-left\"><strong>Resumen<\/strong><\/p>\n\n\n\n<p class=\"has-text-align-left\">&#8211; <strong>14 de septiembre:<\/strong>&nbsp;jornada de acogida y recepci\u00f3n para el alumnado de&nbsp;<strong>1\u00ba curso<\/strong>.<\/p>\n\n\n\n<p class=\"has-text-align-left\">&#8211; <strong>15 de septiembre:<\/strong>&nbsp;inicio de las clases e incorporaci\u00f3n de&nbsp;<strong>todo el alumnado<\/strong>&nbsp;de la escuela.<\/p>\n\n\n\n<p class=\"has-text-align-left\">Comenzamos un nuevo curso lleno de creatividad, aprendizaje y nuevos proyectos. Desde la EASDA os deseamos un excelente inicio de etapa y esperamos que este 2026\/27 sea una experiencia enriquecedora para toda la comunidad educativa.<\/p>\n\n\n\n<div style=\"height:4px\" aria-hidden=\"true\" class=\"wp-block-spacer\"><\/div>\n\n\n\n<p class=\"has-text-align-left\"><strong>\u00a1Bienvenidos y bienvenidas a la EASDA!<\/strong><\/p>\n","protected":false},"excerpt":{"rendered":"<p>Septiembre marca el inicio de un nuevo curso y, con \u00e9l, la vuelta a las aulas, los talleres, los proyectos y las nuevas experiencias de aprendizaje. Desde la Escuela de Arte Superior de Dise\u00f1o de Alicante queremos dar la bienvenida [&hellip;]<\/p>\n","protected":false},"author":8,"featured_media":21645,"comment_status":"closed","ping_status":"closed","sticky":false,"template":"","format":"standard","meta":{"footnotes":""},"categories":[485],"tags":[],"class_list":["post-21634","post","type-post","status-publish","format-standard","has-post-thumbnail","hentry","category-noticias"],"_links":{"self":[{"href":"https:\/\/easda.es\/index.php?rest_route=\/wp\/v2\/posts\/21634","targetHints":{"allow":["GET"]}}],"collection":[{"href":"https:\/\/easda.es\/index.php?rest_route=\/wp\/v2\/posts"}],"about":[{"href":"https:\/\/easda.es\/index.php?rest_route=\/wp\/v2\/types\/post"}],"author":[{"embeddable":true,"href":"https:\/\/easda.es\/index.php?rest_route=\/wp\/v2\/users\/8"}],"replies":[{"embeddable":true,"href":"https:\/\/easda.es\/index.php?rest_route=%2Fwp%2Fv2%2Fcomments&post=21634"}],"version-history":[{"count":15,"href":"https:\/\/easda.es\/index.php?rest_route=\/wp\/v2\/posts\/21634\/revisions"}],"predecessor-version":[{"id":21653,"href":"https:\/\/easda.es\/index.php?rest_route=\/wp\/v2\/posts\/21634\/revisions\/21653"}],"wp:featuredmedia":[{"embeddable":true,"href":"https:\/\/easda.es\/index.php?rest_route=\/wp\/v2\/media\/21645"}],"wp:attachment":[{"href":"https:\/\/easda.es\/index.php?rest_route=%2Fwp%2Fv2%2Fmedia&parent=21634"}],"wp:term":[{"taxonomy":"category","embeddable":true,"href":"https:\/\/easda.es\/index.php?rest_route=%2Fwp%2Fv2%2Fcategories&post=21634"},{"taxonomy":"post_tag","embeddable":true,"href":"https:\/\/easda.es\/index.php?rest_route=%2Fwp%2Fv2%2Ftags&post=21634"}],"curies":[{"name":"wp","href":"https:\/\/api.w.org\/{rel}","templated":true}]}}