{"id":21104,"date":"2026-04-28T13:59:46","date_gmt":"2026-04-28T11:59:46","guid":{"rendered":"https:\/\/easda.es\/?p=21104"},"modified":"2026-04-30T14:03:14","modified_gmt":"2026-04-30T12:03:14","slug":"nuestro-alumnado-obtiene-dos-premios-a-la-excelencia-academica","status":"publish","type":"post","link":"https:\/\/easda.es\/?p=21104","title":{"rendered":"Nuestro alumnado obtiene dos Premios a la Excelencia Acad\u00e9mica"},"content":{"rendered":"\n<figure class=\"wp-block-image size-full is-resized\"><img loading=\"lazy\" decoding=\"async\" width=\"1024\" height=\"683\" src=\"https:\/\/easda.es\/wp-content\/uploads\/2026\/04\/PremiosExcelenciaAcademica_2026_2.jpg\" alt=\"\" class=\"wp-image-21151\" style=\"aspect-ratio:1.499330655957162;width:643px;height:auto\" srcset=\"https:\/\/easda.es\/wp-content\/uploads\/2026\/04\/PremiosExcelenciaAcademica_2026_2.jpg 1024w, https:\/\/easda.es\/wp-content\/uploads\/2026\/04\/PremiosExcelenciaAcademica_2026_2-300x200.jpg 300w, https:\/\/easda.es\/wp-content\/uploads\/2026\/04\/PremiosExcelenciaAcademica_2026_2-768x512.jpg 768w\" sizes=\"auto, (max-width: 1024px) 100vw, 1024px\" \/><\/figure>\n\n\n\n<div style=\"height:11px\" aria-hidden=\"true\" class=\"wp-block-spacer\"><\/div>\n\n\n\n<p class=\"has-text-align-left\">El pasado jueves 23 de abril se otorgaron los <strong>Premios a la Excelencia Acad\u00e9mica<\/strong> para el alumnado de grado de los centros <strong>ISEACV<\/strong> correspondientes a los cursos 2023\/2024 y 2024\/2025. All\u00ed estuvimos, en el Palau de la M\u00fasica de Valencia, acompa\u00f1ando a nuestros queridos premiados Alejandro Alfaro Engu\u00eddanos dise\u00f1ador de producto y a Aur\u00e9lie de Coriolis dise\u00f1adora de interiores. Una gala de nivel con m\u00fasicos, bailarines y mucho arte, que de eso se trata. <\/p>\n\n\n\n<p class=\"has-text-align-left\"><\/p>\n\n\n\n<div style=\"height:9px\" aria-hidden=\"true\" class=\"wp-block-spacer\"><\/div>\n\n\n\n<p class=\"has-text-align-left\">Nos encanta acompa\u00f1aros en estos eventos que premian tanto talento como el vuestro. Nos sentimos muy orgullosos de vuestro paso por la Easda. <strong>\u00a1Enhorabuena a los premiados!<\/strong><\/p>\n\n\n\n<div style=\"height:21px\" aria-hidden=\"true\" class=\"wp-block-spacer\"><\/div>\n\n\n\n<figure class=\"wp-block-image size-large is-resized\"><img loading=\"lazy\" decoding=\"async\" width=\"1024\" height=\"682\" src=\"https:\/\/easda.es\/wp-content\/uploads\/2026\/04\/ENTRADA_PremiosExcelenciaAcademica_2026-1024x682.jpg\" alt=\"\" class=\"wp-image-21147\" style=\"aspect-ratio:1.501508211373031;width:608px;height:auto\" srcset=\"https:\/\/easda.es\/wp-content\/uploads\/2026\/04\/ENTRADA_PremiosExcelenciaAcademica_2026-1024x682.jpg 1024w, https:\/\/easda.es\/wp-content\/uploads\/2026\/04\/ENTRADA_PremiosExcelenciaAcademica_2026-300x200.jpg 300w, https:\/\/easda.es\/wp-content\/uploads\/2026\/04\/ENTRADA_PremiosExcelenciaAcademica_2026-768x511.jpg 768w, https:\/\/easda.es\/wp-content\/uploads\/2026\/04\/ENTRADA_PremiosExcelenciaAcademica_2026.jpg 1298w\" sizes=\"auto, (max-width: 1024px) 100vw, 1024px\" \/><\/figure>\n\n\n\n<figure class=\"wp-block-image size-full is-resized\"><img loading=\"lazy\" decoding=\"async\" width=\"1024\" height=\"683\" src=\"https:\/\/easda.es\/wp-content\/uploads\/2026\/04\/PremiosExcelenciaAcademica_2026_3.jpg\" alt=\"\" class=\"wp-image-21152\" style=\"aspect-ratio:1.499330655957162;width:611px;height:auto\" srcset=\"https:\/\/easda.es\/wp-content\/uploads\/2026\/04\/PremiosExcelenciaAcademica_2026_3.jpg 1024w, https:\/\/easda.es\/wp-content\/uploads\/2026\/04\/PremiosExcelenciaAcademica_2026_3-300x200.jpg 300w, https:\/\/easda.es\/wp-content\/uploads\/2026\/04\/PremiosExcelenciaAcademica_2026_3-768x512.jpg 768w\" sizes=\"auto, (max-width: 1024px) 100vw, 1024px\" \/><\/figure>\n\n\n\n<figure class=\"wp-block-image size-full is-resized\"><img loading=\"lazy\" decoding=\"async\" width=\"1024\" height=\"683\" src=\"https:\/\/easda.es\/wp-content\/uploads\/2026\/04\/PremiosExcelenciaAcademica_2026_1.jpg\" alt=\"\" class=\"wp-image-21154\" style=\"aspect-ratio:1.499330655957162;width:612px;height:auto\" srcset=\"https:\/\/easda.es\/wp-content\/uploads\/2026\/04\/PremiosExcelenciaAcademica_2026_1.jpg 1024w, https:\/\/easda.es\/wp-content\/uploads\/2026\/04\/PremiosExcelenciaAcademica_2026_1-300x200.jpg 300w, https:\/\/easda.es\/wp-content\/uploads\/2026\/04\/PremiosExcelenciaAcademica_2026_1-768x512.jpg 768w\" sizes=\"auto, (max-width: 1024px) 100vw, 1024px\" \/><\/figure>\n\n\n\n<figure class=\"wp-block-image size-full is-resized\"><img loading=\"lazy\" decoding=\"async\" width=\"1024\" height=\"683\" src=\"https:\/\/easda.es\/wp-content\/uploads\/2026\/04\/PremiosExcelenciaAcademica_2026.jpg\" alt=\"\" class=\"wp-image-21153\" style=\"aspect-ratio:1.499330655957162;width:611px;height:auto\" srcset=\"https:\/\/easda.es\/wp-content\/uploads\/2026\/04\/PremiosExcelenciaAcademica_2026.jpg 1024w, https:\/\/easda.es\/wp-content\/uploads\/2026\/04\/PremiosExcelenciaAcademica_2026-300x200.jpg 300w, https:\/\/easda.es\/wp-content\/uploads\/2026\/04\/PremiosExcelenciaAcademica_2026-768x512.jpg 768w\" sizes=\"auto, (max-width: 1024px) 100vw, 1024px\" \/><\/figure>\n\n\n\n<div style=\"height:13px\" aria-hidden=\"true\" class=\"wp-block-spacer\"><\/div>\n\n\n\n<p class=\"has-text-align-left\"><br><\/p>\n\n\n\n<p><\/p>\n","protected":false},"excerpt":{"rendered":"<p>El pasado jueves 23 de abril se otorgaron los Premios a la Excelencia Acad\u00e9mica para el alumnado de grado de los centros ISEACV correspondientes a los cursos 2023\/2024 y 2024\/2025. All\u00ed estuvimos, en el Palau de la M\u00fasica de Valencia, [&hellip;]<\/p>\n","protected":false},"author":8,"featured_media":21149,"comment_status":"closed","ping_status":"closed","sticky":false,"template":"","format":"standard","meta":{"footnotes":""},"categories":[582],"tags":[],"class_list":["post-21104","post","type-post","status-publish","format-standard","has-post-thumbnail","hentry","category-premios"],"_links":{"self":[{"href":"https:\/\/easda.es\/index.php?rest_route=\/wp\/v2\/posts\/21104","targetHints":{"allow":["GET"]}}],"collection":[{"href":"https:\/\/easda.es\/index.php?rest_route=\/wp\/v2\/posts"}],"about":[{"href":"https:\/\/easda.es\/index.php?rest_route=\/wp\/v2\/types\/post"}],"author":[{"embeddable":true,"href":"https:\/\/easda.es\/index.php?rest_route=\/wp\/v2\/users\/8"}],"replies":[{"embeddable":true,"href":"https:\/\/easda.es\/index.php?rest_route=%2Fwp%2Fv2%2Fcomments&post=21104"}],"version-history":[{"count":8,"href":"https:\/\/easda.es\/index.php?rest_route=\/wp\/v2\/posts\/21104\/revisions"}],"predecessor-version":[{"id":21160,"href":"https:\/\/easda.es\/index.php?rest_route=\/wp\/v2\/posts\/21104\/revisions\/21160"}],"wp:featuredmedia":[{"embeddable":true,"href":"https:\/\/easda.es\/index.php?rest_route=\/wp\/v2\/media\/21149"}],"wp:attachment":[{"href":"https:\/\/easda.es\/index.php?rest_route=%2Fwp%2Fv2%2Fmedia&parent=21104"}],"wp:term":[{"taxonomy":"category","embeddable":true,"href":"https:\/\/easda.es\/index.php?rest_route=%2Fwp%2Fv2%2Fcategories&post=21104"},{"taxonomy":"post_tag","embeddable":true,"href":"https:\/\/easda.es\/index.php?rest_route=%2Fwp%2Fv2%2Ftags&post=21104"}],"curies":[{"name":"wp","href":"https:\/\/api.w.org\/{rel}","templated":true}]}}