{"id":21087,"date":"2026-04-29T09:54:41","date_gmt":"2026-04-29T07:54:41","guid":{"rendered":"https:\/\/easda.es\/?p=21087"},"modified":"2026-04-29T11:10:51","modified_gmt":"2026-04-29T09:10:51","slug":"22-23-mayo-easda-ceramic-fest","status":"publish","type":"post","link":"https:\/\/easda.es\/?p=21087","title":{"rendered":"22-23 Mayo: EASDA Ceramic Fest"},"content":{"rendered":"\n<p><\/p>\n\n\n\n<div style=\"height:12px\" aria-hidden=\"true\" class=\"wp-block-spacer\"><\/div>\n\n\n<div class=\"wp-block-image\">\n<figure class=\"aligncenter size-full is-resized\"><img loading=\"lazy\" decoding=\"async\" width=\"1298\" height=\"864\" src=\"https:\/\/easda.es\/wp-content\/uploads\/2026\/04\/ENTRADA_CERAMICFEST.jpg\" alt=\"\" class=\"wp-image-21095\" style=\"aspect-ratio:1.503692101141195;width:641px;height:auto\" srcset=\"https:\/\/easda.es\/wp-content\/uploads\/2026\/04\/ENTRADA_CERAMICFEST.jpg 1298w, https:\/\/easda.es\/wp-content\/uploads\/2026\/04\/ENTRADA_CERAMICFEST-300x200.jpg 300w, https:\/\/easda.es\/wp-content\/uploads\/2026\/04\/ENTRADA_CERAMICFEST-1024x682.jpg 1024w, https:\/\/easda.es\/wp-content\/uploads\/2026\/04\/ENTRADA_CERAMICFEST-768x511.jpg 768w\" sizes=\"auto, (max-width: 1298px) 100vw, 1298px\" \/><\/figure>\n<\/div>\n\n\n<div style=\"height:14px\" aria-hidden=\"true\" class=\"wp-block-spacer\"><\/div>\n\n\n\n<p class=\"has-text-align-left\">La Escuela de Arte y Superior de Dise\u00f1o de Alicante presenta la <strong>1\u00aa edici\u00f3n<\/strong> del <strong>EASDA Ceramic Fest<\/strong>, unas <strong>jornadas de puertas abiertas<\/strong> de dos d\u00edas de duraci\u00f3n que servir\u00e1n de punto de encuentro entre profesionales y personas interesadas en descubrir el apasionante mundo de la cer\u00e1mica.<\/p>\n\n\n\n<p class=\"has-text-align-left\"><\/p>\n\n\n\n<div style=\"height:7px\" aria-hidden=\"true\" class=\"wp-block-spacer\"><\/div>\n\n\n\n<p class=\"has-text-align-left\">En este espacio podr\u00e1s conocer y experimentar las m\u00faltiples posibilidades que ofrece la <strong>formaci\u00f3n pr\u00e1ctica y te\u00f3rica<\/strong> en el \u00e1mbito de la <strong>cer\u00e1mica art\u00edstica<\/strong>, desde una perspectiva completamente creativa que unir\u00e1 la tradici\u00f3n con la modernidad y la artesan\u00eda con el arte y el dise\u00f1o.<\/p>\n\n\n\n<div style=\"height:6px\" aria-hidden=\"true\" class=\"wp-block-spacer\"><\/div>\n\n\n\n<p class=\"has-text-align-left\">Durante los d\u00edas <strong>22 y 23 de mayo<\/strong>, la EASDA se convertir\u00e1 en el centro de referencia de la creatividad cer\u00e1mica con una programaci\u00f3n que incluir\u00e1 varias <strong>ponencias<\/strong>, <strong>talleres pr\u00e1cticos<\/strong> y encuentros profesionales con los que podr\u00e1s conocer de primera mano la realidad del sector profesional de la producci\u00f3n de la alfarer\u00eda y la cer\u00e1mica en la provincia de Alicante.<\/p>\n\n\n\n<div style=\"height:6px\" aria-hidden=\"true\" class=\"wp-block-spacer\"><\/div>\n\n\n\n<p class=\"has-text-align-left\">Tanto si quieres iniciarte como si ya tienes experiencia, este evento ser\u00e1 una oportunidad \u00fanica que te permitir\u00e1 conocer la trayectoria de diferentes artistas cer\u00e1micos, explorar tus habilidades con el barro y saber m\u00e1s sobre las <strong>posibilidades formativas<\/strong> <strong>y profesionales<\/strong> que ofrece nuestra escuela en el \u00e1mbito de la cer\u00e1mica art\u00edstica. \u00a1No te lo pierdas!<\/p>\n\n\n\n<div style=\"height:16px\" aria-hidden=\"true\" class=\"wp-block-spacer\"><\/div>\n\n\n\n<p class=\"has-text-align-left has-text-color has-link-color wp-elements-595744c7d54726a368084c5ec46f8a13\" style=\"color:#ec0303\"><strong>Programa:<\/strong><\/p>\n\n\n\n<p class=\"has-text-align-left\"><strong>Viernes 22 de mayo<\/strong><\/p>\n\n\n\n<p class=\"has-text-align-left\">&#8211; 16:00h. Bienvenida al EASDA Ceramic Fest<\/p>\n\n\n\n<p class=\"has-text-align-left\">&#8211; 16:10h. Ponencia de Olga Diego<\/p>\n\n\n\n<p class=\"has-text-align-left\">&#8211; 17:00h. Ponencia de Pablo Bellot<\/p>\n\n\n\n<p class=\"has-text-align-left\">&#8211; 18:00h. Descanso<\/p>\n\n\n\n<p class=\"has-text-align-left\">&#8211; Desde las 18:30h. Taller de rak\u00fa por Noelia Keller<\/p>\n\n\n\n<p class=\"has-text-align-left\">&#8211; Desde las 19:00h. Taller de calcas por Ester Puig<\/p>\n\n\n\n<div style=\"height:9px\" aria-hidden=\"true\" class=\"wp-block-spacer\"><\/div>\n\n\n\n<p class=\"has-text-align-left\"><strong>S\u00e1bado 23 de mayo<\/strong><\/p>\n\n\n\n<p class=\"has-text-align-left\">&#8211; 10:00h. Bienvenida al EASDA Ceramic Fest<\/p>\n\n\n\n<p class=\"has-text-align-left\">&#8211; 10:15h. Ponencia de Susana Guerrero<\/p>\n\n\n\n<p class=\"has-text-align-left\">&#8211; Desde las 11:15h. Marat\u00f3n de torno con Roque Mart\u00ednez<\/p>\n\n\n\n<p class=\"has-text-align-left\">&#8211; Desde las 11:30h. Muro activo con Las Revocadoras<\/p>\n\n\n\n<p class=\"has-text-align-left\">&#8211; Desde las 12:00h. Taller de calcas con Ester Puig<\/p>\n\n\n\n<p class=\"has-text-align-left\">&#8211; Desde las 14:30h. Despedida y clausura<\/p>\n\n\n\n<div style=\"height:6px\" aria-hidden=\"true\" class=\"wp-block-spacer\"><\/div>\n\n\n\n<p class=\"has-text-align-left has-text-color has-link-color wp-elements-a4e2d0566bfc1ce924461a9307be888d\" style=\"color:#ec0303\"><strong>Lugar<\/strong>: <\/p>\n\n\n\n<p class=\"has-text-align-left\">Escuela de Arte y Superior de Dise\u00f1o de Alicante (EASDA). <\/p>\n\n\n\n<p class=\"has-text-align-left\">Calle Clot, n\u00ba12&nbsp;&nbsp; 03011 (Alicante)<\/p>\n\n\n\n<div style=\"height:6px\" aria-hidden=\"true\" class=\"wp-block-spacer\"><\/div>\n\n\n\n<p class=\"has-text-align-left\"><strong>\u00a1Ap\u00fantate ya rellenando este <a href=\"https:\/\/forms.office.com\/e\/WCmcdrLqEV\" data-type=\"link\" data-id=\"https:\/\/forms.office.com\/e\/WCmcdrLqEV\" target=\"_blank\" rel=\"noreferrer noopener\"><em>FORMULARIO<\/em><\/a> y forma parte del<\/strong> <strong>EASDA CERAMIC FEST 2026<\/strong>!<\/p>\n\n\n\n<p class=\"has-text-align-left\"><\/p>\n\n\n\n<p class=\"has-text-align-left\"><\/p>\n\n\n\n<p><\/p>\n","protected":false},"excerpt":{"rendered":"<p>La Escuela de Arte y Superior de Dise\u00f1o de Alicante presenta la 1\u00aa edici\u00f3n del EASDA Ceramic Fest, unas jornadas de puertas abiertas de dos d\u00edas de duraci\u00f3n que servir\u00e1n de punto de encuentro entre profesionales y personas interesadas en [&hellip;]<\/p>\n","protected":false},"author":8,"featured_media":21094,"comment_status":"closed","ping_status":"closed","sticky":false,"template":"","format":"standard","meta":{"footnotes":""},"categories":[618],"tags":[],"class_list":["post-21087","post","type-post","status-publish","format-standard","has-post-thumbnail","hentry","category-jornadas"],"_links":{"self":[{"href":"https:\/\/easda.es\/index.php?rest_route=\/wp\/v2\/posts\/21087","targetHints":{"allow":["GET"]}}],"collection":[{"href":"https:\/\/easda.es\/index.php?rest_route=\/wp\/v2\/posts"}],"about":[{"href":"https:\/\/easda.es\/index.php?rest_route=\/wp\/v2\/types\/post"}],"author":[{"embeddable":true,"href":"https:\/\/easda.es\/index.php?rest_route=\/wp\/v2\/users\/8"}],"replies":[{"embeddable":true,"href":"https:\/\/easda.es\/index.php?rest_route=%2Fwp%2Fv2%2Fcomments&post=21087"}],"version-history":[{"count":43,"href":"https:\/\/easda.es\/index.php?rest_route=\/wp\/v2\/posts\/21087\/revisions"}],"predecessor-version":[{"id":21138,"href":"https:\/\/easda.es\/index.php?rest_route=\/wp\/v2\/posts\/21087\/revisions\/21138"}],"wp:featuredmedia":[{"embeddable":true,"href":"https:\/\/easda.es\/index.php?rest_route=\/wp\/v2\/media\/21094"}],"wp:attachment":[{"href":"https:\/\/easda.es\/index.php?rest_route=%2Fwp%2Fv2%2Fmedia&parent=21087"}],"wp:term":[{"taxonomy":"category","embeddable":true,"href":"https:\/\/easda.es\/index.php?rest_route=%2Fwp%2Fv2%2Fcategories&post=21087"},{"taxonomy":"post_tag","embeddable":true,"href":"https:\/\/easda.es\/index.php?rest_route=%2Fwp%2Fv2%2Ftags&post=21087"}],"curies":[{"name":"wp","href":"https:\/\/api.w.org\/{rel}","templated":true}]}}