{"id":17356,"date":"2024-10-24T13:25:30","date_gmt":"2024-10-24T11:25:30","guid":{"rendered":"https:\/\/easda.es\/?p=17356"},"modified":"2024-11-13T14:20:21","modified_gmt":"2024-11-13T13:20:21","slug":"1o-edicion_premios-fernando-catalan","status":"publish","type":"post","link":"https:\/\/easda.es\/?p=17356","title":{"rendered":"1\u00ba Edici\u00f3n_Premios Fernando Catal\u00e1n"},"content":{"rendered":"\n<p class=\"has-text-align-left\">El pasado viernes 18 de octubre tuvo lugar en la Escuela de Arte y Superior de Dise\u00f1o de Alicante (EASDA) la <strong>1\u00aa Edici\u00f3n de los Premios Fernando Catal\u00e1n<\/strong>, un evento que no solo premi\u00f3 los mejores dise\u00f1os de nuestros estudiantes, sino que tambi\u00e9n rindi\u00f3 un emotivo homenaje a la figura de nuestro querido compa\u00f1ero Fernando Catal\u00e1n.<\/p>\n\n\n\n<p class=\"has-text-align-left\"><\/p>\n\n\n\n<figure class=\"wp-block-gallery has-nested-images columns-1 is-cropped wp-block-gallery-2 is-layout-flex wp-block-gallery-is-layout-flex\">\n<figure class=\"wp-block-image size-large\"><img loading=\"lazy\" decoding=\"async\" width=\"1024\" height=\"683\" data-id=\"17365\" src=\"https:\/\/easda.es\/wp-content\/uploads\/2024\/10\/Premios-FC_1.jpg\" alt=\"\" class=\"wp-image-17365\" srcset=\"https:\/\/easda.es\/wp-content\/uploads\/2024\/10\/Premios-FC_1.jpg 1024w, https:\/\/easda.es\/wp-content\/uploads\/2024\/10\/Premios-FC_1-300x200.jpg 300w, https:\/\/easda.es\/wp-content\/uploads\/2024\/10\/Premios-FC_1-768x512.jpg 768w\" sizes=\"auto, (max-width: 1024px) 100vw, 1024px\" \/><\/figure>\n\n\n\n<figure class=\"wp-block-image size-large\"><img loading=\"lazy\" decoding=\"async\" width=\"1024\" height=\"683\" data-id=\"17367\" src=\"https:\/\/easda.es\/wp-content\/uploads\/2024\/10\/Premios-FC_4.jpg\" alt=\"\" class=\"wp-image-17367\" srcset=\"https:\/\/easda.es\/wp-content\/uploads\/2024\/10\/Premios-FC_4.jpg 1024w, https:\/\/easda.es\/wp-content\/uploads\/2024\/10\/Premios-FC_4-300x200.jpg 300w, https:\/\/easda.es\/wp-content\/uploads\/2024\/10\/Premios-FC_4-768x512.jpg 768w\" sizes=\"auto, (max-width: 1024px) 100vw, 1024px\" \/><\/figure>\n<\/figure>\n\n\n\n<p class=\"has-text-align-left\">Queremos agradecer a todos los asistentes por su presencia y apoyo en esta tarde tan especial. Fue una tarde que estuvo llena de energ\u00eda y creatividad, con estudiantes, familiares y profesionales del mundo del dise\u00f1o, unidos por el mismo prop\u00f3sito: celebrar el esfuerzo y la excelencia acad\u00e9mica.<\/p>\n\n\n\n<p class=\"has-text-align-left\">Uno de los momentos m\u00e1s destacados del evento fue la exposici\u00f3n de los dise\u00f1os premiados, que permiti\u00f3 a los asistentes admirar de cerca las propuestas galardonadas. Esta muestra reflej\u00f3 el talento y la dedicaci\u00f3n de los estudiantes, quienes lograron plasmar en sus trabajos la innovaci\u00f3n y el esfuerzo que estos premios buscan reconocer.<\/p>\n\n\n\n<figure class=\"wp-block-gallery has-nested-images columns-1 is-cropped wp-block-gallery-3 is-layout-flex wp-block-gallery-is-layout-flex\">\n<figure class=\"wp-block-image size-large\"><img loading=\"lazy\" decoding=\"async\" width=\"1024\" height=\"683\" data-id=\"17369\" src=\"https:\/\/easda.es\/wp-content\/uploads\/2024\/10\/Premios-FC_2.jpg\" alt=\"\" class=\"wp-image-17369\" srcset=\"https:\/\/easda.es\/wp-content\/uploads\/2024\/10\/Premios-FC_2.jpg 1024w, https:\/\/easda.es\/wp-content\/uploads\/2024\/10\/Premios-FC_2-300x200.jpg 300w, https:\/\/easda.es\/wp-content\/uploads\/2024\/10\/Premios-FC_2-768x512.jpg 768w\" sizes=\"auto, (max-width: 1024px) 100vw, 1024px\" \/><\/figure>\n\n\n\n<figure class=\"wp-block-image size-large\"><img loading=\"lazy\" decoding=\"async\" width=\"1024\" height=\"683\" data-id=\"17371\" src=\"https:\/\/easda.es\/wp-content\/uploads\/2024\/10\/Premios-FC_6.jpg\" alt=\"\" class=\"wp-image-17371\" srcset=\"https:\/\/easda.es\/wp-content\/uploads\/2024\/10\/Premios-FC_6.jpg 1024w, https:\/\/easda.es\/wp-content\/uploads\/2024\/10\/Premios-FC_6-300x200.jpg 300w, https:\/\/easda.es\/wp-content\/uploads\/2024\/10\/Premios-FC_6-768x512.jpg 768w\" sizes=\"auto, (max-width: 1024px) 100vw, 1024px\" \/><\/figure>\n\n\n\n<figure class=\"wp-block-image size-full\"><img loading=\"lazy\" decoding=\"async\" width=\"1024\" height=\"683\" data-id=\"17389\" src=\"https:\/\/easda.es\/wp-content\/uploads\/2024\/10\/Premios-FC_9-1.jpg\" alt=\"\" class=\"wp-image-17389\" srcset=\"https:\/\/easda.es\/wp-content\/uploads\/2024\/10\/Premios-FC_9-1.jpg 1024w, https:\/\/easda.es\/wp-content\/uploads\/2024\/10\/Premios-FC_9-1-300x200.jpg 300w, https:\/\/easda.es\/wp-content\/uploads\/2024\/10\/Premios-FC_9-1-768x512.jpg 768w\" sizes=\"auto, (max-width: 1024px) 100vw, 1024px\" \/><\/figure>\n\n\n\n<figure class=\"wp-block-image size-large\"><img loading=\"lazy\" decoding=\"async\" width=\"1024\" height=\"683\" data-id=\"17372\" src=\"https:\/\/easda.es\/wp-content\/uploads\/2024\/10\/Premios-FC_10.jpg\" alt=\"\" class=\"wp-image-17372\" srcset=\"https:\/\/easda.es\/wp-content\/uploads\/2024\/10\/Premios-FC_10.jpg 1024w, https:\/\/easda.es\/wp-content\/uploads\/2024\/10\/Premios-FC_10-300x200.jpg 300w, https:\/\/easda.es\/wp-content\/uploads\/2024\/10\/Premios-FC_10-768x512.jpg 768w\" sizes=\"auto, (max-width: 1024px) 100vw, 1024px\" \/><\/figure>\n<\/figure>\n\n\n\n<p class=\"has-text-align-left\">Un agradecimiento muy especial al Conservatorio Profesional de Danza de Alicante, quienes nos regalaron una incre\u00edble actuaci\u00f3n de baile, aportando un toque art\u00edstico y emotivo.<\/p>\n\n\n\n<p class=\"has-text-align-left\">Asimismo, expresamos nuestra m\u00e1s sincera gratitud a Yolanda y su familia, quienes tuvieron el honor de entregar los premios, un gesto que no solo reconoci\u00f3 el talento de los estudiantes, sino que tambi\u00e9n mantuvo viva la memoria y el legado de Fernando. A su lado, contamos tambi\u00e9n con la presencia de Fani Blanch, directora del ISEACV, quien tuvo el privilegio de otorgar el \u00faltimo premio de la tarde, dedicado al mejor trabajo de M\u00e1ster.<\/p>\n\n\n\n<figure class=\"wp-block-image size-full\"><img loading=\"lazy\" decoding=\"async\" width=\"1024\" height=\"739\" src=\"https:\/\/easda.es\/wp-content\/uploads\/2024\/10\/Premios-FC_11.jpg\" alt=\"\" class=\"wp-image-17391\" srcset=\"https:\/\/easda.es\/wp-content\/uploads\/2024\/10\/Premios-FC_11.jpg 1024w, https:\/\/easda.es\/wp-content\/uploads\/2024\/10\/Premios-FC_11-300x217.jpg 300w, https:\/\/easda.es\/wp-content\/uploads\/2024\/10\/Premios-FC_11-768x554.jpg 768w\" sizes=\"auto, (max-width: 1024px) 100vw, 1024px\" \/><\/figure>\n\n\n\n<figure class=\"wp-block-gallery has-nested-images columns-1 is-cropped wp-block-gallery-4 is-layout-flex wp-block-gallery-is-layout-flex\">\n<figure class=\"wp-block-image size-large\"><img loading=\"lazy\" decoding=\"async\" width=\"1024\" height=\"683\" data-id=\"17373\" src=\"https:\/\/easda.es\/wp-content\/uploads\/2024\/10\/Premios-FC_5.jpg\" alt=\"\" class=\"wp-image-17373\" srcset=\"https:\/\/easda.es\/wp-content\/uploads\/2024\/10\/Premios-FC_5.jpg 1024w, https:\/\/easda.es\/wp-content\/uploads\/2024\/10\/Premios-FC_5-300x200.jpg 300w, https:\/\/easda.es\/wp-content\/uploads\/2024\/10\/Premios-FC_5-768x512.jpg 768w\" sizes=\"auto, (max-width: 1024px) 100vw, 1024px\" \/><\/figure>\n<\/figure>\n\n\n\n<p class=\"has-text-align-left\">Finalmente, no podemos olvidar dar las gracias a todos aquellos que hicieron posible que este evento se llevara a cabo. Desde el equipo organizador, profesores, colaboradores y t\u00e9cnicos, hasta todos los que, de una u otra forma, contribuyeron a que este homenaje se convirtiera en una realidad.<\/p>\n\n\n\n<p class=\"has-text-align-left\">Gracias a todos por compartir con nosotros esta jornada tan significativa y por continuar apoyando el talento y la dedicaci\u00f3n que hacen que nuestra comunidad educativa sea \u00fanica. El alumnado que quiera las im\u00e1genes del evento puede contactar con comunicaci\u00f3n.<\/p>\n\n\n\n<p class=\"has-text-align-left\">\u00a1Hasta la pr\u00f3xima edici\u00f3n de los Premios Fernando Catal\u00e1n!<\/p>\n","protected":false},"excerpt":{"rendered":"<p>El pasado viernes 18 de octubre tuvo lugar en la Escuela de Arte y Superior de Dise\u00f1o de Alicante (EASDA) la 1\u00aa Edici\u00f3n de los Premios Fernando Catal\u00e1n, un evento que no solo premi\u00f3 los mejores dise\u00f1os de nuestros estudiantes, [&hellip;]<\/p>\n","protected":false},"author":8,"featured_media":0,"comment_status":"closed","ping_status":"closed","sticky":false,"template":"","format":"standard","meta":{"footnotes":""},"categories":[582],"tags":[615],"class_list":["post-17356","post","type-post","status-publish","format-standard","hentry","category-premios","tag-premios-fernando-catalan"],"_links":{"self":[{"href":"https:\/\/easda.es\/index.php?rest_route=\/wp\/v2\/posts\/17356","targetHints":{"allow":["GET"]}}],"collection":[{"href":"https:\/\/easda.es\/index.php?rest_route=\/wp\/v2\/posts"}],"about":[{"href":"https:\/\/easda.es\/index.php?rest_route=\/wp\/v2\/types\/post"}],"author":[{"embeddable":true,"href":"https:\/\/easda.es\/index.php?rest_route=\/wp\/v2\/users\/8"}],"replies":[{"embeddable":true,"href":"https:\/\/easda.es\/index.php?rest_route=%2Fwp%2Fv2%2Fcomments&post=17356"}],"version-history":[{"count":13,"href":"https:\/\/easda.es\/index.php?rest_route=\/wp\/v2\/posts\/17356\/revisions"}],"predecessor-version":[{"id":17392,"href":"https:\/\/easda.es\/index.php?rest_route=\/wp\/v2\/posts\/17356\/revisions\/17392"}],"wp:attachment":[{"href":"https:\/\/easda.es\/index.php?rest_route=%2Fwp%2Fv2%2Fmedia&parent=17356"}],"wp:term":[{"taxonomy":"category","embeddable":true,"href":"https:\/\/easda.es\/index.php?rest_route=%2Fwp%2Fv2%2Fcategories&post=17356"},{"taxonomy":"post_tag","embeddable":true,"href":"https:\/\/easda.es\/index.php?rest_route=%2Fwp%2Fv2%2Ftags&post=17356"}],"curies":[{"name":"wp","href":"https:\/\/api.w.org\/{rel}","templated":true}]}}