{"id":16332,"date":"2024-05-24T11:26:33","date_gmt":"2024-05-24T09:26:33","guid":{"rendered":"https:\/\/easda.es\/?p=16332"},"modified":"2024-05-24T11:26:33","modified_gmt":"2024-05-24T09:26:33","slug":"graduacion-promocion-2020-24-y-master","status":"publish","type":"post","link":"https:\/\/easda.es\/?p=16332","title":{"rendered":"Graduaci\u00f3n Promoci\u00f3n 2020\/24 y M\u00e1ster"},"content":{"rendered":"\n<div style=\"height:13px\" aria-hidden=\"true\" class=\"wp-block-spacer\"><\/div>\n\n\n<div class=\"wp-block-image\">\n<figure class=\"aligncenter size-full is-resized\"><img loading=\"lazy\" decoding=\"async\" width=\"1024\" height=\"745\" src=\"https:\/\/easda.es\/wp-content\/uploads\/2024\/05\/ENTRADA_Graducacion_2024.jpg\" alt=\"\" class=\"wp-image-16334\" style=\"width:547px;height:auto\" srcset=\"https:\/\/easda.es\/wp-content\/uploads\/2024\/05\/ENTRADA_Graducacion_2024.jpg 1024w, https:\/\/easda.es\/wp-content\/uploads\/2024\/05\/ENTRADA_Graducacion_2024-300x218.jpg 300w, https:\/\/easda.es\/wp-content\/uploads\/2024\/05\/ENTRADA_Graducacion_2024-768x559.jpg 768w\" sizes=\"auto, (max-width: 1024px) 100vw, 1024px\" \/><\/figure>\n<\/div>\n\n\n<div style=\"height:11px\" aria-hidden=\"true\" class=\"wp-block-spacer\"><\/div>\n\n\n\n<p class=\"has-text-align-left\">El pr\u00f3ximo s\u00e1bado 25 de mayo a las 19:00 horas tendr\u00e1 lugar, en el Paraninfo de la UA, la Ceremonia de<strong> Graduaci\u00f3n de la promoci\u00f3n 2020\/24<\/strong> de los <strong>Grados de Producto, Interiores, Moda y Dise\u00f1o Gr\u00e1fico<\/strong> y del <strong>M\u00e1ster en Arte y Dise\u00f1o para Realidades Extendidas y Videojuegos<\/strong> de la Escuela de Arte y Superior de Alicante.\u00a0<\/p>\n\n\n\n<p class=\"has-text-align-left\">A finales de cada curso acad\u00e9mico, la Easda organiza el solemne Acto de Graduaci\u00f3n. El fin \u00faltimo de este Acto de Graduaci\u00f3n es reconocer a todo el alumnado que ha finalizado sus estudios el esfuerzo que ha realizado durante sus a\u00f1os en la escuela.&nbsp;En este acto, el principal protagonista es el alumnado y sus familias,&nbsp;uno a uno, de todo el alumnado asistente, subir\u00e1n al estrado para recibir de manos del equipo docente su diploma de graduaci\u00f3n.&nbsp;<\/p>\n\n\n\n<p class=\"has-text-align-left\">\u00a1Os esperamos!<\/p>\n\n\n\n<p><\/p>\n\n\n\n<p class=\"has-text-align-left\"><\/p>\n\n\n\n<p><\/p>\n\n\n\n<p><\/p>\n\n\n\n<p><\/p>\n\n\n\n<p><\/p>\n","protected":false},"excerpt":{"rendered":"<p>El pr\u00f3ximo s\u00e1bado 25 de mayo a las 19:00 horas tendr\u00e1 lugar, en el Paraninfo de la UA, la Ceremonia de Graduaci\u00f3n de la promoci\u00f3n 2020\/24 de los Grados de Producto, Interiores, Moda y Dise\u00f1o Gr\u00e1fico y del M\u00e1ster en [&hellip;]<\/p>\n","protected":false},"author":8,"featured_media":0,"comment_status":"closed","ping_status":"closed","sticky":false,"template":"","format":"standard","meta":{"footnotes":""},"categories":[485],"tags":[598,599],"class_list":["post-16332","post","type-post","status-publish","format-standard","hentry","category-noticias","tag-grados","tag-postgrados"],"_links":{"self":[{"href":"https:\/\/easda.es\/index.php?rest_route=\/wp\/v2\/posts\/16332","targetHints":{"allow":["GET"]}}],"collection":[{"href":"https:\/\/easda.es\/index.php?rest_route=\/wp\/v2\/posts"}],"about":[{"href":"https:\/\/easda.es\/index.php?rest_route=\/wp\/v2\/types\/post"}],"author":[{"embeddable":true,"href":"https:\/\/easda.es\/index.php?rest_route=\/wp\/v2\/users\/8"}],"replies":[{"embeddable":true,"href":"https:\/\/easda.es\/index.php?rest_route=%2Fwp%2Fv2%2Fcomments&post=16332"}],"version-history":[{"count":5,"href":"https:\/\/easda.es\/index.php?rest_route=\/wp\/v2\/posts\/16332\/revisions"}],"predecessor-version":[{"id":16340,"href":"https:\/\/easda.es\/index.php?rest_route=\/wp\/v2\/posts\/16332\/revisions\/16340"}],"wp:attachment":[{"href":"https:\/\/easda.es\/index.php?rest_route=%2Fwp%2Fv2%2Fmedia&parent=16332"}],"wp:term":[{"taxonomy":"category","embeddable":true,"href":"https:\/\/easda.es\/index.php?rest_route=%2Fwp%2Fv2%2Fcategories&post=16332"},{"taxonomy":"post_tag","embeddable":true,"href":"https:\/\/easda.es\/index.php?rest_route=%2Fwp%2Fv2%2Ftags&post=16332"}],"curies":[{"name":"wp","href":"https:\/\/api.w.org\/{rel}","templated":true}]}}