{"id":15765,"date":"2024-03-05T10:12:57","date_gmt":"2024-03-05T09:12:57","guid":{"rendered":"https:\/\/easda.es\/?p=15765"},"modified":"2026-02-26T14:35:20","modified_gmt":"2026-02-26T13:35:20","slug":"jornada-de-charlas_8m","status":"publish","type":"post","link":"https:\/\/easda.es\/?p=15765","title":{"rendered":"\u00a0Jornada de charlas_8M"},"content":{"rendered":"<div class=\"wp-block-image\">\n<figure class=\"aligncenter size-full is-resized\"><img loading=\"lazy\" decoding=\"async\" src=\"https:\/\/easda.es\/wp-content\/uploads\/2024\/03\/ENTRADA_8M_Jornadas.jpg\" alt=\"\" class=\"wp-image-15767\" width=\"419\" height=\"523\" srcset=\"https:\/\/easda.es\/wp-content\/uploads\/2024\/03\/ENTRADA_8M_Jornadas.jpg 692w, https:\/\/easda.es\/wp-content\/uploads\/2024\/03\/ENTRADA_8M_Jornadas-240x300.jpg 240w\" sizes=\"auto, (max-width: 419px) 100vw, 419px\" \/><\/figure>\n<\/div>\n\n\n<div style=\"height:11px\" aria-hidden=\"true\" class=\"wp-block-spacer\"><\/div>\n\n\n\n<p class=\"has-text-align-left\">El pr\u00f3ximo viernes d\u00eda 8 de marzo se conmemora el <strong>D\u00eda Internacional de la Mujer<\/strong>. Desde la coordinaci\u00f3n de Igualdad de la EASDA hemos preparado una jornada de charlas din\u00e1micas e inspiradoras que, con ejemplos, nos invitan a reflexionar sobre la necesidad de conocer referentes femeninos en las aulas. Un recorrido a trav\u00e9s de distintos proyectos y especialidades, que culmina con Vicky y Ana, dos grandes easders de la Especialidad de Dise\u00f1o Gr\u00e1fico, que tienen en com\u00fan su alto grado de compromiso con el dise\u00f1o. Se trata de una oportunidad \u00fanica para compartir experiencias con toda la comunidad educativa.<\/p>\n\n\n\n<p class=\"has-text-align-left\">Las profesoras Manuela Hern\u00e1ndez (Moda), Candi P\u00e9rez (Gr\u00e1fico) y Ana Barba (Historia) nos dar\u00e1n s\u00f3lo una peque\u00f1a muestra de las muchas iniciativas comprometidas con la Igualdad que se llevan a cabo desde las aulas de la EASDA.<\/p>\n\n\n\n<p class=\"has-text-align-left\">Por otra lado, el d\u00eda 8 tendremos el concurso fotogr\u00e1fico con las prendas que se han creado en el taller de customizado. La moda, a menudo, ha sido un medio para construir y perpetuar estereotipos por ello, nuestro\u00a0<strong>8M Sin patrones<\/strong>\u00a0pretende desafiar estas din\u00e1micas. Fotograf\u00edate con una pieza customizada que muestre bien claro tu mensaje en favor de la Igualdad y s\u00fabelo a tu Instagram etiquetando a la EASDA. Sube tu foto antes de las 24H del d\u00eda 8. Realizaremos un sorteo. Habr\u00e1 dos ganadores que se conocer\u00e1n el lunes 11. \u00a1Gana un libro de dise\u00f1o!<\/p>\n\n\n\n<p class=\"has-text-align-left\">Y a las cinco no te olvides de acomp\u00e1\u00f1anos en la performance \u00bb Yo no quiero ser Cenicienta\u00bb en la Plaza de Santa Mar\u00eda, frente al Maca.<\/p>\n\n\n\n<div style=\"height:11px\" aria-hidden=\"true\" class=\"wp-block-spacer\"><\/div>\n\n\n<div class=\"wp-block-image\">\n<figure class=\"aligncenter size-full is-resized\"><img loading=\"lazy\" decoding=\"async\" src=\"https:\/\/easda.es\/wp-content\/uploads\/2024\/03\/ENTRADA_8M_Jornadas2.jpg\" alt=\"\" class=\"wp-image-15775\" width=\"419\" height=\"419\" srcset=\"https:\/\/easda.es\/wp-content\/uploads\/2024\/03\/ENTRADA_8M_Jornadas2.jpg 864w, https:\/\/easda.es\/wp-content\/uploads\/2024\/03\/ENTRADA_8M_Jornadas2-300x300.jpg 300w, https:\/\/easda.es\/wp-content\/uploads\/2024\/03\/ENTRADA_8M_Jornadas2-150x150.jpg 150w, https:\/\/easda.es\/wp-content\/uploads\/2024\/03\/ENTRADA_8M_Jornadas2-768x768.jpg 768w, https:\/\/easda.es\/wp-content\/uploads\/2024\/03\/ENTRADA_8M_Jornadas2-550x550.jpg 550w\" sizes=\"auto, (max-width: 419px) 100vw, 419px\" \/><\/figure>\n<\/div>\n\n\n<p class=\"has-text-align-left\"><\/p>\n\n\n\n<p class=\"has-text-align-left\"><\/p>\n\n\n\n<p><\/p>\n\n\n\n<p><\/p>\n","protected":false},"excerpt":{"rendered":"<p>El pr\u00f3ximo viernes d\u00eda 8 de marzo se conmemora el D\u00eda Internacional de la Mujer. Desde la coordinaci\u00f3n de Igualdad de la EASDA hemos preparado una jornada de charlas din\u00e1micas e inspiradoras que, con ejemplos, nos invitan a reflexionar sobre [&hellip;]<\/p>\n","protected":false},"author":8,"featured_media":0,"comment_status":"closed","ping_status":"closed","sticky":false,"template":"","format":"standard","meta":{"footnotes":""},"categories":[625],"tags":[591],"class_list":["post-15765","post","type-post","status-publish","format-standard","hentry","category-8m","tag-8m-dia-de-la-mujer"],"_links":{"self":[{"href":"https:\/\/easda.es\/index.php?rest_route=\/wp\/v2\/posts\/15765","targetHints":{"allow":["GET"]}}],"collection":[{"href":"https:\/\/easda.es\/index.php?rest_route=\/wp\/v2\/posts"}],"about":[{"href":"https:\/\/easda.es\/index.php?rest_route=\/wp\/v2\/types\/post"}],"author":[{"embeddable":true,"href":"https:\/\/easda.es\/index.php?rest_route=\/wp\/v2\/users\/8"}],"replies":[{"embeddable":true,"href":"https:\/\/easda.es\/index.php?rest_route=%2Fwp%2Fv2%2Fcomments&post=15765"}],"version-history":[{"count":7,"href":"https:\/\/easda.es\/index.php?rest_route=\/wp\/v2\/posts\/15765\/revisions"}],"predecessor-version":[{"id":15779,"href":"https:\/\/easda.es\/index.php?rest_route=\/wp\/v2\/posts\/15765\/revisions\/15779"}],"wp:attachment":[{"href":"https:\/\/easda.es\/index.php?rest_route=%2Fwp%2Fv2%2Fmedia&parent=15765"}],"wp:term":[{"taxonomy":"category","embeddable":true,"href":"https:\/\/easda.es\/index.php?rest_route=%2Fwp%2Fv2%2Fcategories&post=15765"},{"taxonomy":"post_tag","embeddable":true,"href":"https:\/\/easda.es\/index.php?rest_route=%2Fwp%2Fv2%2Ftags&post=15765"}],"curies":[{"name":"wp","href":"https:\/\/api.w.org\/{rel}","templated":true}]}}