{"id":15164,"date":"2023-11-23T13:23:36","date_gmt":"2023-11-23T12:23:36","guid":{"rendered":"https:\/\/easda.es\/?p=15164"},"modified":"2023-11-23T14:00:28","modified_gmt":"2023-11-23T13:00:28","slug":"exposicion-mood-sempere_maca","status":"publish","type":"post","link":"https:\/\/easda.es\/?p=15164","title":{"rendered":"Exposici\u00f3n MOOD Sempere_MACA"},"content":{"rendered":"<div class=\"wp-block-image\">\n<figure class=\"aligncenter size-large\"><img loading=\"lazy\" decoding=\"async\" width=\"1024\" height=\"682\" src=\"https:\/\/easda.es\/wp-content\/uploads\/2023\/11\/ENTRADA_ExpoMoodSempere2-1024x682.jpg\" alt=\"\" class=\"wp-image-15173\" srcset=\"https:\/\/easda.es\/wp-content\/uploads\/2023\/11\/ENTRADA_ExpoMoodSempere2-1024x682.jpg 1024w, https:\/\/easda.es\/wp-content\/uploads\/2023\/11\/ENTRADA_ExpoMoodSempere2-300x200.jpg 300w, https:\/\/easda.es\/wp-content\/uploads\/2023\/11\/ENTRADA_ExpoMoodSempere2-768x511.jpg 768w, https:\/\/easda.es\/wp-content\/uploads\/2023\/11\/ENTRADA_ExpoMoodSempere2.jpg 1298w\" sizes=\"auto, (max-width: 1024px) 100vw, 1024px\" \/><\/figure>\n<\/div>\n\n\n<div style=\"height:23px\" aria-hidden=\"true\" class=\"wp-block-spacer\"><\/div>\n\n\n\n<p class=\"has-text-align-left\">El <strong>Museo de Arte Contempor\u00e1neo de Alicante<\/strong> va a acoger una selecci\u00f3n de obras del alumnado de la <strong>EASDA<\/strong> para la exposici\u00f3n <strong>MOOD<\/strong> <strong>Sempere<\/strong>, en torno a la figura de Eusebio Sempere.<\/p>\n\n\n\n<p class=\"has-text-align-left\">Gracias a la coordinaci\u00f3n de ambas instituciones el alumnado de la escuela realiz\u00f3 trabajos de diversas disciplinas que reflexionan o reinterpretan la obra del artista y que ahora se expondr\u00e1n en el Museo. En la exposici\u00f3n, que se inaugura el 23 de noviembre a las 19 horas y que estar\u00e1 hasta el 10 de diciembre, podremos ver piezas cer\u00e1micas realizadas por el alumnado del CFGS de Cer\u00e1mica Art\u00edstica y maquetas de espacios ef\u00edmeros realizadas por alumnos\/as de ESD de Interiores.\u00a0<\/p>\n\n\n\n<p class=\"has-text-align-left\">\u00a1No te la puedes perder!<\/p>\n\n\n\n<p><br><\/p>\n\n\n\n<p><\/p>\n","protected":false},"excerpt":{"rendered":"<p>Muestra de la exposici\u00f3n realizada en la easda por los alumnos de 1\u00ba CFGS Gr\u00e1fica Publicitaria en el m\u00f3dulo de Proyectos, profesora Mercedes Forner.<\/p>\n","protected":false},"author":8,"featured_media":0,"comment_status":"closed","ping_status":"closed","sticky":false,"template":"","format":"standard","meta":{"footnotes":""},"categories":[607],"tags":[],"class_list":["post-15164","post","type-post","status-publish","format-standard","hentry","category-exposicion"],"_links":{"self":[{"href":"https:\/\/easda.es\/index.php?rest_route=\/wp\/v2\/posts\/15164","targetHints":{"allow":["GET"]}}],"collection":[{"href":"https:\/\/easda.es\/index.php?rest_route=\/wp\/v2\/posts"}],"about":[{"href":"https:\/\/easda.es\/index.php?rest_route=\/wp\/v2\/types\/post"}],"author":[{"embeddable":true,"href":"https:\/\/easda.es\/index.php?rest_route=\/wp\/v2\/users\/8"}],"replies":[{"embeddable":true,"href":"https:\/\/easda.es\/index.php?rest_route=%2Fwp%2Fv2%2Fcomments&post=15164"}],"version-history":[{"count":8,"href":"https:\/\/easda.es\/index.php?rest_route=\/wp\/v2\/posts\/15164\/revisions"}],"predecessor-version":[{"id":15184,"href":"https:\/\/easda.es\/index.php?rest_route=\/wp\/v2\/posts\/15164\/revisions\/15184"}],"wp:attachment":[{"href":"https:\/\/easda.es\/index.php?rest_route=%2Fwp%2Fv2%2Fmedia&parent=15164"}],"wp:term":[{"taxonomy":"category","embeddable":true,"href":"https:\/\/easda.es\/index.php?rest_route=%2Fwp%2Fv2%2Fcategories&post=15164"},{"taxonomy":"post_tag","embeddable":true,"href":"https:\/\/easda.es\/index.php?rest_route=%2Fwp%2Fv2%2Ftags&post=15164"}],"curies":[{"name":"wp","href":"https:\/\/api.w.org\/{rel}","templated":true}]}}