{"id":14759,"date":"2023-07-14T10:47:51","date_gmt":"2023-07-14T08:47:51","guid":{"rendered":"https:\/\/easda.es\/?p=14759"},"modified":"2023-07-14T10:47:52","modified_gmt":"2023-07-14T08:47:52","slug":"prueba-especifica-de-acceso-a-ciclos-formativos_2023-2024","status":"publish","type":"post","link":"https:\/\/easda.es\/?p=14759","title":{"rendered":"Prueba Espec\u00edfica de acceso a Ciclos Formativos_2023-2024"},"content":{"rendered":"\n<figure class=\"wp-block-gallery has-nested-images columns-default is-cropped wp-block-gallery-2 is-layout-flex wp-block-gallery-is-layout-flex\">\n<figure class=\"wp-block-image size-full\"><img loading=\"lazy\" decoding=\"async\" width=\"553\" height=\"312\" data-id=\"14762\" src=\"https:\/\/easda.es\/wp-content\/uploads\/2023\/07\/Acceso-Ciclos-especifica.jpg\" alt=\"\" class=\"wp-image-14762\" srcset=\"https:\/\/easda.es\/wp-content\/uploads\/2023\/07\/Acceso-Ciclos-especifica.jpg 553w, https:\/\/easda.es\/wp-content\/uploads\/2023\/07\/Acceso-Ciclos-especifica-300x169.jpg 300w\" sizes=\"auto, (max-width: 553px) 100vw, 553px\" \/><\/figure>\n<\/figure>\n\n\n\n<div style=\"height:11px\" aria-hidden=\"true\" class=\"wp-block-spacer\"><\/div>\n\n\n\n<p class=\"has-text-align-left\">La pr\u00f3xima semana se realizar\u00e1 en la escuela la <strong>Prueba Espec\u00edfica de acceso a los Ciclos Formativos<\/strong> <strong>de Grado<\/strong> <strong>Medio y Grado Superior<\/strong> con el siguiente horario:<\/p>\n\n\n\n<div style=\"height:10px\" aria-hidden=\"true\" class=\"wp-block-spacer\"><\/div>\n\n\n\n<p class=\"has-text-align-left\"><strong>PRUEBA ESPEC\u00cdFICA<\/strong>_ 17 y 18 de julio<\/p>\n\n\n\n<p class=\"has-text-align-left\"><strong>Lunes 17 de julio<\/strong><\/p>\n\n\n\n<p class=\"has-text-align-left\">. <strong>Ejercicio 1<\/strong> (1 h.):\u00a09:00-10:00h.<\/p>\n\n\n\n<p class=\"has-text-align-left\">. <strong>Ejercicio 2<\/strong>&nbsp;(3 h.):&nbsp;10:30 -13:30h.<\/p>\n\n\n\n<div style=\"height:14px\" aria-hidden=\"true\" class=\"wp-block-spacer\"><\/div>\n\n\n\n<p class=\"has-text-align-left\"><strong>Martes 18 de julio:<\/strong><\/p>\n\n\n\n<p class=\"has-text-align-left\"><strong>Ejercicio\u00a03 <\/strong>(4 h.): 9:00-13:00h.<\/p>\n\n\n\n<div style=\"height:15px\" aria-hidden=\"true\" class=\"wp-block-spacer\"><\/div>\n\n\n\n<p class=\"has-text-align-left\">\u00a1Os deseamos mucha suerte a todxs!<\/p>\n\n\n\n<p><\/p>\n","protected":false},"excerpt":{"rendered":"<p>La pr\u00f3xima semana se realizar\u00e1 en la escuela la Prueba Espec\u00edfica de acceso a los Ciclos Formativos de Grado Medio y Grado Superior con el siguiente horario: PRUEBA ESPEC\u00cdFICA_ 17 y 18 de julio Lunes 17 de julio . Ejercicio [&hellip;]<\/p>\n","protected":false},"author":8,"featured_media":0,"comment_status":"closed","ping_status":"closed","sticky":false,"template":"","format":"standard","meta":{"footnotes":""},"categories":[485],"tags":[597],"class_list":["post-14759","post","type-post","status-publish","format-standard","hentry","category-noticias","tag-ciclos-formativos"],"_links":{"self":[{"href":"https:\/\/easda.es\/index.php?rest_route=\/wp\/v2\/posts\/14759","targetHints":{"allow":["GET"]}}],"collection":[{"href":"https:\/\/easda.es\/index.php?rest_route=\/wp\/v2\/posts"}],"about":[{"href":"https:\/\/easda.es\/index.php?rest_route=\/wp\/v2\/types\/post"}],"author":[{"embeddable":true,"href":"https:\/\/easda.es\/index.php?rest_route=\/wp\/v2\/users\/8"}],"replies":[{"embeddable":true,"href":"https:\/\/easda.es\/index.php?rest_route=%2Fwp%2Fv2%2Fcomments&post=14759"}],"version-history":[{"count":7,"href":"https:\/\/easda.es\/index.php?rest_route=\/wp\/v2\/posts\/14759\/revisions"}],"predecessor-version":[{"id":14769,"href":"https:\/\/easda.es\/index.php?rest_route=\/wp\/v2\/posts\/14759\/revisions\/14769"}],"wp:attachment":[{"href":"https:\/\/easda.es\/index.php?rest_route=%2Fwp%2Fv2%2Fmedia&parent=14759"}],"wp:term":[{"taxonomy":"category","embeddable":true,"href":"https:\/\/easda.es\/index.php?rest_route=%2Fwp%2Fv2%2Fcategories&post=14759"},{"taxonomy":"post_tag","embeddable":true,"href":"https:\/\/easda.es\/index.php?rest_route=%2Fwp%2Fv2%2Ftags&post=14759"}],"curies":[{"name":"wp","href":"https:\/\/api.w.org\/{rel}","templated":true}]}}