{"id":11714,"date":"2022-02-01T11:11:42","date_gmt":"2022-02-01T10:11:42","guid":{"rendered":"https:\/\/easda.es\/?p=11714"},"modified":"2022-02-01T14:19:54","modified_gmt":"2022-02-01T13:19:54","slug":"presentaciones-trabajos-fin-de-grado-de-esd","status":"publish","type":"post","link":"https:\/\/easda.es\/?p=11714","title":{"rendered":"Presentaciones Trabajos Fin de Grado de ESD"},"content":{"rendered":"\n<figure class=\"wp-block-image size-large\"><img loading=\"lazy\" decoding=\"async\" width=\"1024\" height=\"682\" src=\"https:\/\/easda.es\/wp-content\/uploads\/2022\/02\/ENTRADA-CABECERA-TFG_2022-1024x682.jpg\" alt=\"\" class=\"wp-image-11728\" srcset=\"https:\/\/easda.es\/wp-content\/uploads\/2022\/02\/ENTRADA-CABECERA-TFG_2022-1024x682.jpg 1024w, https:\/\/easda.es\/wp-content\/uploads\/2022\/02\/ENTRADA-CABECERA-TFG_2022-300x200.jpg 300w, https:\/\/easda.es\/wp-content\/uploads\/2022\/02\/ENTRADA-CABECERA-TFG_2022-768x511.jpg 768w, https:\/\/easda.es\/wp-content\/uploads\/2022\/02\/ENTRADA-CABECERA-TFG_2022.jpg 1298w\" sizes=\"auto, (max-width: 1024px) 100vw, 1024px\" \/><\/figure>\n\n\n\n<p class=\"has-text-align-left\">Los pr\u00f3ximos 4 y 7 de febrero tendr\u00e1 lugar uno de los momentos m\u00e1s importantes para nuestro alumnado de 4\u00ba curso de Estudios Superiores de Dise\u00f1o. Ser\u00e1 el d\u00eda en el que har\u00e1n p\u00fablicos los <strong>Trabajos Fin de Grado<\/strong> en los que plasmar\u00e1n todo lo aprendido durante sus estudios. <\/p>\n\n\n\n<p class=\"has-text-align-left\">La exposici\u00f3n ser\u00e1 p\u00fablica, y podr\u00e9is acceder a ellas a trav\u00e9s de los siguientes enlaces:<\/p>\n\n\n\n<p class=\"has-text-align-left\"><strong>ESD Gr\u00e1fico<\/strong>: Viernes 4 de febrero a las 9:15h. en llamamiento \u00fanico <a rel=\"noreferrer noopener\" href=\"https:\/\/meet.google.com\/dio-dxyr-mxd\" data-type=\"URL\" data-id=\"https:\/\/meet.google.com\/dio-dxyr-mxd\" target=\"_blank\">(acceder)<\/a><\/p>\n\n\n\n<p class=\"has-text-align-left\"><strong>ESD Interiores:<\/strong>&nbsp; Viernes 4 de febrero a las 9:30h. en llamamiento \u00fanico <a rel=\"noreferrer noopener\" href=\"https:\/\/meet.google.com\/rbr-bqqk-vce\" data-type=\"URL\" target=\"_blank\">(acceder)<\/a><\/p>\n\n\n\n<p class=\"has-text-align-left\"><strong>ESD Producto:<\/strong> <\/p>\n\n\n\n<p class=\"has-text-align-left\">Tribunal 1: Lunes 7 de febrero a las 10:00h. en llamamiento \u00fanico <a rel=\"noreferrer noopener\" href=\"https:\/\/meet.google.com\/eop-jkix-puz\" data-type=\"URL\" data-id=\"https:\/\/meet.google.com\/eop-jkix-puz\" target=\"_blank\">(acceder)<\/a> <\/p>\n\n\n\n<p class=\"has-text-align-left\">Tribunal 2: Lunes 7 de febrero a las 11:45h. en llamamiento \u00fanico <a rel=\"noreferrer noopener\" href=\"https:\/\/meet.google.com\/fai-infj-aur\" target=\"_blank\">(acceder)<\/a><\/p>\n\n\n\n<p class=\"has-text-align-left\">A todo el alumnado que presentar\u00e1 sus trabajos le recomendamos entrar con el navegador Chrome, ya que permite una mayor fluidez en cuanto a la visualizaci\u00f3n de im\u00e1genes y videos, aprovechamos para recordaros tambi\u00e9n que ser\u00e9is vosotros quienes gestionar\u00e9is vuestra presentaci\u00f3n y archivos durante la presentaci\u00f3n.<\/p>\n\n\n\n<p class=\"has-text-align-left\">Os deseamos much\u00edsima suerte a todxs, \u00a1estamos seguros que lo vais a hacer genial!<\/p>\n","protected":false},"excerpt":{"rendered":"<p>Los pr\u00f3ximos 4 y 7 de febrero tendr\u00e1 lugar uno de los momentos m\u00e1s importantes para nuestro alumnado de 4\u00ba curso de Estudios Superiores de Dise\u00f1o. Ser\u00e1 el d\u00eda en el que har\u00e1n p\u00fablicos los Trabajos Fin de Grado en [&hellip;]<\/p>\n","protected":false},"author":8,"featured_media":0,"comment_status":"closed","ping_status":"closed","sticky":false,"template":"","format":"standard","meta":{"footnotes":""},"categories":[485],"tags":[575,559],"class_list":["post-11714","post","type-post","status-publish","format-standard","hentry","category-noticias","tag-tfg","tag-tft"],"_links":{"self":[{"href":"https:\/\/easda.es\/index.php?rest_route=\/wp\/v2\/posts\/11714","targetHints":{"allow":["GET"]}}],"collection":[{"href":"https:\/\/easda.es\/index.php?rest_route=\/wp\/v2\/posts"}],"about":[{"href":"https:\/\/easda.es\/index.php?rest_route=\/wp\/v2\/types\/post"}],"author":[{"embeddable":true,"href":"https:\/\/easda.es\/index.php?rest_route=\/wp\/v2\/users\/8"}],"replies":[{"embeddable":true,"href":"https:\/\/easda.es\/index.php?rest_route=%2Fwp%2Fv2%2Fcomments&post=11714"}],"version-history":[{"count":24,"href":"https:\/\/easda.es\/index.php?rest_route=\/wp\/v2\/posts\/11714\/revisions"}],"predecessor-version":[{"id":11749,"href":"https:\/\/easda.es\/index.php?rest_route=\/wp\/v2\/posts\/11714\/revisions\/11749"}],"wp:attachment":[{"href":"https:\/\/easda.es\/index.php?rest_route=%2Fwp%2Fv2%2Fmedia&parent=11714"}],"wp:term":[{"taxonomy":"category","embeddable":true,"href":"https:\/\/easda.es\/index.php?rest_route=%2Fwp%2Fv2%2Fcategories&post=11714"},{"taxonomy":"post_tag","embeddable":true,"href":"https:\/\/easda.es\/index.php?rest_route=%2Fwp%2Fv2%2Ftags&post=11714"}],"curies":[{"name":"wp","href":"https:\/\/api.w.org\/{rel}","templated":true}]}}